{"id":8625,"date":"2022-12-09T12:27:34","date_gmt":"2022-12-09T12:27:34","guid":{"rendered":"http:\/\/www.jadek-pensa.si\/?p=8625"},"modified":"2022-12-09T12:57:08","modified_gmt":"2022-12-09T12:57:08","slug":"menschenrechte-tag","status":"publish","type":"post","link":"https:\/\/jadek-pensa.si\/de\/menschenrechte-tag\/","title":{"rendered":"&#8222;W\u00fcrde, Freiheit und Gerechtigkeit f\u00fcr alle&#8220;."},"content":{"rendered":"<p>Ein Tag im Jahr, der uns daran erinnert, dass die Menschenrechte leider immer noch keine Selbstverst\u00e4ndlichkeit sind, obwohl in diesem Jahr 74 Jahre seit der Verabschiedung der Allgemeinen Erkl\u00e4rung der Menschenrechte durch die Vereinten Nationen vergangen sind.<\/p>\n<p>In den letzten Jahren war die Welt mit neuen Herausforderungen und Krisen konfrontiert, wie Pandemien, neuen Kriegen, Energiekrisen, instabilen Finanzsystemen und dem Klimawandel. In diesen Zeiten ist es umso wichtiger, sich auf die in der Allgemeinen Erkl\u00e4rung verankerten Werte und Rechte zu besinnen und unser gemeinsames Handeln und unsere Reaktion auf Herausforderungen darauf zu gr\u00fcnden.<\/p>\n<p>Das Konzept der Menschenrechte bef\u00e4higt uns und sagt uns, dass wir alle das Recht auf W\u00fcrde haben, sei es in unseren Beziehungen zu unseren Mitmenschen, zum Staat oder in unserer Besch\u00e4ftigung. Wenn unsere W\u00fcrde verletzt wird, ist es richtig, f\u00fcr sie einzutreten. <strong><em>#standup4humanrights<\/em><\/strong><\/p>\n<p>Der diesj\u00e4hrige Tag der Menschenrechte steht unter dem gleichen Motto: <strong>&#8222;W\u00fcrde, Freiheit und Gerechtigkeit f\u00fcr alle&#8220;.<\/strong><\/p>\n<p>Ein aussagekr\u00e4ftiger Slogan, der uns in der Kanzlei r\u00fcckblickend dar\u00fcber nachdenken l\u00e4sst, ob wir in diesem Jahr und in den Jahren zuvor genug getan haben, um unseren Teil dazu beizutragen, dass Gerechtigkeit f\u00fcr alle m\u00f6glich wird.<\/p>\n<p>Als Teil der Justiz sind wir Anw\u00e4lte der Rechtsstaatlichkeit und damit auch den Menschenrechten verpflichtet und sehen es als unsere Pflicht an, sozial Schw\u00e4chere gut zu vertreten und ihnen Rechtsbeistand zu leisten. Daher sind wir bestrebt, F\u00e4lle zu \u00fcbernehmen, die ihrer Natur nach zur F\u00f6rderung der Menschenrechte in allen Bereichen und damit zu einem sozial verantwortlichen Verhalten und einer nachhaltigen Entwicklung beitragen k\u00f6nnen. Wenn es die Umst\u00e4nde eines bestimmten Falles erfordern, bieten wir unsere Beratung und Dienstleistungen auch kostenlos an &#8211; pro bono. Und es ist die Pro-bono-Arbeit, die den gr\u00f6\u00dften Beitrag zur Gew\u00e4hrleistung von Gerechtigkeit f\u00fcr alle leisten kann.<\/p>\n<p>In diesem Jahr haben wir den ukrainischen Fl\u00fcchtlingen unentgeltlich Rechtsbeistand geleistet, um ihnen den vor\u00fcbergehenden Schutz zu gew\u00e4hren und ihnen die Bew\u00e4ltigung der rechtlichen und verwaltungstechnischen Probleme in ihrer schwierigen Situation so leicht wie m\u00f6glich zu machen.<\/p>\n<p>Wir vertraten auch weiterhin die Dorfbewohner in ihrem Streit mit der Gemeinde \u00fcber die Bereitstellung des Rechts auf Trinkwasser und freuen uns, dass wir dabei erfolgreich waren und das Verfahren schlie\u00dflich zugunsten der Dorfbewohner abschlie\u00dfen konnten. Wir haben auch dazu beigetragen, Studenten gegen bestimmte Klagen wegen unlauterer Gesch\u00e4ftspraktiken zu verteidigen.<\/p>\n<p>Dennoch k\u00f6nnen wir das Jahr nicht beenden, ohne das Gef\u00fchl zu haben, dass wir mehr h\u00e4tten tun k\u00f6nnen.<\/p>\n<p>Deshalb werden wir auch im kommenden Jahr &#8211; und dar\u00fcber hinaus &#8211; unsere Pro-bono-Arbeit unterst\u00fctzen und unser Fachwissen f\u00fcr eine bessere, gerechtere und nachhaltigere Welt einsetzen.<\/p>\n","protected":false},"excerpt":{"rendered":"<p>Der Tag der Menschenrechte findet am 10. Dezember statt&#8230;.<\/p>\n","protected":false},"author":8,"featured_media":0,"comment_status":"closed","ping_status":"closed","sticky":false,"template":"","format":"standard","meta":{"_acf_changed":false,"footnotes":""},"categories":[201,60],"tags":[198,211],"class_list":["post-8625","post","type-post","status-publish","format-standard","hentry","category-blog-de","category-nachrichten","tag-menschenrechte","tag-nachhaltigkeit-umwelt-soziales-und-unternehmensfuehrung-esg"],"acf":[],"yoast_head":"<!-- This site is optimized with the Yoast SEO plugin v27.4 - https:\/\/yoast.com\/product\/yoast-seo-wordpress\/ -->\n<title>&quot;W\u00fcrde, Freiheit und Gerechtigkeit f\u00fcr alle&quot;. - Jadek &amp; Pensa<\/title>\n<meta name=\"robots\" content=\"index, follow, max-snippet:-1, max-image-preview:large, max-video-preview:-1\" \/>\n<link rel=\"canonical\" href=\"https:\/\/jadek-pensa.si\/de\/menschenrechte-tag\/\" \/>\n<meta property=\"og:locale\" content=\"de_DE\" \/>\n<meta property=\"og:type\" content=\"article\" \/>\n<meta property=\"og:title\" content=\"&quot;W\u00fcrde, Freiheit und Gerechtigkeit f\u00fcr alle&quot;. - Jadek &amp; Pensa\" \/>\n<meta property=\"og:description\" content=\"Der Tag der Menschenrechte findet am 10. Dezember statt....\" \/>\n<meta property=\"og:url\" content=\"https:\/\/jadek-pensa.si\/de\/menschenrechte-tag\/\" \/>\n<meta property=\"og:site_name\" content=\"Jadek &amp; Pensa\" \/>\n<meta property=\"article:published_time\" content=\"2022-12-09T12:27:34+00:00\" \/>\n<meta property=\"article:modified_time\" content=\"2022-12-09T12:57:08+00:00\" \/>\n<meta property=\"og:image\" content=\"https:\/\/jadek-pensa.si\/wp-content\/uploads\/2024\/12\/social-image-scaled.jpg\" \/>\n\t<meta property=\"og:image:width\" content=\"2560\" \/>\n\t<meta property=\"og:image:height\" content=\"1440\" \/>\n\t<meta property=\"og:image:type\" content=\"image\/jpeg\" \/>\n<meta name=\"author\" content=\"humanfrog\" \/>\n<meta name=\"twitter:card\" content=\"summary_large_image\" \/>\n<meta name=\"twitter:label1\" content=\"Verfasst von\" \/>\n\t<meta name=\"twitter:data1\" content=\"humanfrog\" \/>\n\t<meta name=\"twitter:label2\" content=\"Gesch\u00e4tzte Lesezeit\" \/>\n\t<meta name=\"twitter:data2\" content=\"2\u00a0Minuten\" \/>\n<script type=\"application\/ld+json\" class=\"yoast-schema-graph\">{\"@context\":\"https:\\\/\\\/schema.org\",\"@graph\":[{\"@type\":\"Article\",\"@id\":\"https:\\\/\\\/jadek-pensa.si\\\/de\\\/menschenrechte-tag\\\/#article\",\"isPartOf\":{\"@id\":\"https:\\\/\\\/jadek-pensa.si\\\/de\\\/menschenrechte-tag\\\/\"},\"author\":{\"name\":\"humanfrog\",\"@id\":\"https:\\\/\\\/www.jadek-pensa.si\\\/de\\\/#\\\/schema\\\/person\\\/0e5294c4ec0f02ccd8fa506c3bdec5fb\"},\"headline\":\"&#8222;W\u00fcrde, Freiheit und Gerechtigkeit f\u00fcr alle&#8220;.\",\"datePublished\":\"2022-12-09T12:27:34+00:00\",\"dateModified\":\"2022-12-09T12:57:08+00:00\",\"mainEntityOfPage\":{\"@id\":\"https:\\\/\\\/jadek-pensa.si\\\/de\\\/menschenrechte-tag\\\/\"},\"wordCount\":468,\"keywords\":[\"Menschenrechte\",\"Nachhaltigkeit; Umwelt - Soziales - Unternehmensf\u00fchrung (ESG)\"],\"articleSection\":[\"Blog\",\"Nachrichten\"],\"inLanguage\":\"de\"},{\"@type\":\"WebPage\",\"@id\":\"https:\\\/\\\/jadek-pensa.si\\\/de\\\/menschenrechte-tag\\\/\",\"url\":\"https:\\\/\\\/jadek-pensa.si\\\/de\\\/menschenrechte-tag\\\/\",\"name\":\"\\\"W\u00fcrde, Freiheit und Gerechtigkeit f\u00fcr alle\\\". - Jadek &amp; Pensa\",\"isPartOf\":{\"@id\":\"https:\\\/\\\/www.jadek-pensa.si\\\/de\\\/#website\"},\"datePublished\":\"2022-12-09T12:27:34+00:00\",\"dateModified\":\"2022-12-09T12:57:08+00:00\",\"author\":{\"@id\":\"https:\\\/\\\/www.jadek-pensa.si\\\/de\\\/#\\\/schema\\\/person\\\/0e5294c4ec0f02ccd8fa506c3bdec5fb\"},\"breadcrumb\":{\"@id\":\"https:\\\/\\\/jadek-pensa.si\\\/de\\\/menschenrechte-tag\\\/#breadcrumb\"},\"inLanguage\":\"de\",\"potentialAction\":[{\"@type\":\"ReadAction\",\"target\":[\"https:\\\/\\\/jadek-pensa.si\\\/de\\\/menschenrechte-tag\\\/\"]}]},{\"@type\":\"BreadcrumbList\",\"@id\":\"https:\\\/\\\/jadek-pensa.si\\\/de\\\/menschenrechte-tag\\\/#breadcrumb\",\"itemListElement\":[{\"@type\":\"ListItem\",\"position\":1,\"name\":\"Home\",\"item\":\"https:\\\/\\\/www.jadek-pensa.si\\\/de\\\/\"},{\"@type\":\"ListItem\",\"position\":2,\"name\":\"&#8222;W\u00fcrde, Freiheit und Gerechtigkeit f\u00fcr alle&#8220;.\"}]},{\"@type\":\"WebSite\",\"@id\":\"https:\\\/\\\/www.jadek-pensa.si\\\/de\\\/#website\",\"url\":\"https:\\\/\\\/www.jadek-pensa.si\\\/de\\\/\",\"name\":\"Jadek &amp; Pensa\",\"description\":\"\",\"potentialAction\":[{\"@type\":\"SearchAction\",\"target\":{\"@type\":\"EntryPoint\",\"urlTemplate\":\"https:\\\/\\\/www.jadek-pensa.si\\\/de\\\/?s={search_term_string}\"},\"query-input\":{\"@type\":\"PropertyValueSpecification\",\"valueRequired\":true,\"valueName\":\"search_term_string\"}}],\"inLanguage\":\"de\"},{\"@type\":\"Person\",\"@id\":\"https:\\\/\\\/www.jadek-pensa.si\\\/de\\\/#\\\/schema\\\/person\\\/0e5294c4ec0f02ccd8fa506c3bdec5fb\",\"name\":\"humanfrog\",\"image\":{\"@type\":\"ImageObject\",\"inLanguage\":\"de\",\"@id\":\"https:\\\/\\\/secure.gravatar.com\\\/avatar\\\/767edaac2e440251f7a8b37cdb1143f0256c8985ef2082d48e648de208efdbfa?s=96&d=mm&r=g\",\"url\":\"https:\\\/\\\/secure.gravatar.com\\\/avatar\\\/767edaac2e440251f7a8b37cdb1143f0256c8985ef2082d48e648de208efdbfa?s=96&d=mm&r=g\",\"contentUrl\":\"https:\\\/\\\/secure.gravatar.com\\\/avatar\\\/767edaac2e440251f7a8b37cdb1143f0256c8985ef2082d48e648de208efdbfa?s=96&d=mm&r=g\",\"caption\":\"humanfrog\"}}]}<\/script>\n<!-- \/ Yoast SEO plugin. -->","yoast_head_json":{"title":"\"W\u00fcrde, Freiheit und Gerechtigkeit f\u00fcr alle\". - Jadek &amp; Pensa","robots":{"index":"index","follow":"follow","max-snippet":"max-snippet:-1","max-image-preview":"max-image-preview:large","max-video-preview":"max-video-preview:-1"},"canonical":"https:\/\/jadek-pensa.si\/de\/menschenrechte-tag\/","og_locale":"de_DE","og_type":"article","og_title":"\"W\u00fcrde, Freiheit und Gerechtigkeit f\u00fcr alle\". - Jadek &amp; Pensa","og_description":"Der Tag der Menschenrechte findet am 10. Dezember statt....","og_url":"https:\/\/jadek-pensa.si\/de\/menschenrechte-tag\/","og_site_name":"Jadek &amp; Pensa","article_published_time":"2022-12-09T12:27:34+00:00","article_modified_time":"2022-12-09T12:57:08+00:00","og_image":[{"width":2560,"height":1440,"url":"https:\/\/jadek-pensa.si\/wp-content\/uploads\/2024\/12\/social-image-scaled.jpg","type":"image\/jpeg"}],"author":"humanfrog","twitter_card":"summary_large_image","twitter_misc":{"Verfasst von":"humanfrog","Gesch\u00e4tzte Lesezeit":"2\u00a0Minuten"},"schema":{"@context":"https:\/\/schema.org","@graph":[{"@type":"Article","@id":"https:\/\/jadek-pensa.si\/de\/menschenrechte-tag\/#article","isPartOf":{"@id":"https:\/\/jadek-pensa.si\/de\/menschenrechte-tag\/"},"author":{"name":"humanfrog","@id":"https:\/\/www.jadek-pensa.si\/de\/#\/schema\/person\/0e5294c4ec0f02ccd8fa506c3bdec5fb"},"headline":"&#8222;W\u00fcrde, Freiheit und Gerechtigkeit f\u00fcr alle&#8220;.","datePublished":"2022-12-09T12:27:34+00:00","dateModified":"2022-12-09T12:57:08+00:00","mainEntityOfPage":{"@id":"https:\/\/jadek-pensa.si\/de\/menschenrechte-tag\/"},"wordCount":468,"keywords":["Menschenrechte","Nachhaltigkeit; Umwelt - Soziales - Unternehmensf\u00fchrung (ESG)"],"articleSection":["Blog","Nachrichten"],"inLanguage":"de"},{"@type":"WebPage","@id":"https:\/\/jadek-pensa.si\/de\/menschenrechte-tag\/","url":"https:\/\/jadek-pensa.si\/de\/menschenrechte-tag\/","name":"\"W\u00fcrde, Freiheit und Gerechtigkeit f\u00fcr alle\". - Jadek &amp; Pensa","isPartOf":{"@id":"https:\/\/www.jadek-pensa.si\/de\/#website"},"datePublished":"2022-12-09T12:27:34+00:00","dateModified":"2022-12-09T12:57:08+00:00","author":{"@id":"https:\/\/www.jadek-pensa.si\/de\/#\/schema\/person\/0e5294c4ec0f02ccd8fa506c3bdec5fb"},"breadcrumb":{"@id":"https:\/\/jadek-pensa.si\/de\/menschenrechte-tag\/#breadcrumb"},"inLanguage":"de","potentialAction":[{"@type":"ReadAction","target":["https:\/\/jadek-pensa.si\/de\/menschenrechte-tag\/"]}]},{"@type":"BreadcrumbList","@id":"https:\/\/jadek-pensa.si\/de\/menschenrechte-tag\/#breadcrumb","itemListElement":[{"@type":"ListItem","position":1,"name":"Home","item":"https:\/\/www.jadek-pensa.si\/de\/"},{"@type":"ListItem","position":2,"name":"&#8222;W\u00fcrde, Freiheit und Gerechtigkeit f\u00fcr alle&#8220;."}]},{"@type":"WebSite","@id":"https:\/\/www.jadek-pensa.si\/de\/#website","url":"https:\/\/www.jadek-pensa.si\/de\/","name":"Jadek &amp; Pensa","description":"","potentialAction":[{"@type":"SearchAction","target":{"@type":"EntryPoint","urlTemplate":"https:\/\/www.jadek-pensa.si\/de\/?s={search_term_string}"},"query-input":{"@type":"PropertyValueSpecification","valueRequired":true,"valueName":"search_term_string"}}],"inLanguage":"de"},{"@type":"Person","@id":"https:\/\/www.jadek-pensa.si\/de\/#\/schema\/person\/0e5294c4ec0f02ccd8fa506c3bdec5fb","name":"humanfrog","image":{"@type":"ImageObject","inLanguage":"de","@id":"https:\/\/secure.gravatar.com\/avatar\/767edaac2e440251f7a8b37cdb1143f0256c8985ef2082d48e648de208efdbfa?s=96&d=mm&r=g","url":"https:\/\/secure.gravatar.com\/avatar\/767edaac2e440251f7a8b37cdb1143f0256c8985ef2082d48e648de208efdbfa?s=96&d=mm&r=g","contentUrl":"https:\/\/secure.gravatar.com\/avatar\/767edaac2e440251f7a8b37cdb1143f0256c8985ef2082d48e648de208efdbfa?s=96&d=mm&r=g","caption":"humanfrog"}}]}},"_links":{"self":[{"href":"https:\/\/jadek-pensa.si\/de\/wp-json\/wp\/v2\/posts\/8625","targetHints":{"allow":["GET"]}}],"collection":[{"href":"https:\/\/jadek-pensa.si\/de\/wp-json\/wp\/v2\/posts"}],"about":[{"href":"https:\/\/jadek-pensa.si\/de\/wp-json\/wp\/v2\/types\/post"}],"author":[{"embeddable":true,"href":"https:\/\/jadek-pensa.si\/de\/wp-json\/wp\/v2\/users\/8"}],"replies":[{"embeddable":true,"href":"https:\/\/jadek-pensa.si\/de\/wp-json\/wp\/v2\/comments?post=8625"}],"version-history":[{"count":0,"href":"https:\/\/jadek-pensa.si\/de\/wp-json\/wp\/v2\/posts\/8625\/revisions"}],"wp:attachment":[{"href":"https:\/\/jadek-pensa.si\/de\/wp-json\/wp\/v2\/media?parent=8625"}],"wp:term":[{"taxonomy":"category","embeddable":true,"href":"https:\/\/jadek-pensa.si\/de\/wp-json\/wp\/v2\/categories?post=8625"},{"taxonomy":"post_tag","embeddable":true,"href":"https:\/\/jadek-pensa.si\/de\/wp-json\/wp\/v2\/tags?post=8625"}],"curies":[{"name":"wp","href":"https:\/\/api.w.org\/{rel}","templated":true}]}}