{"id":7603,"date":"2022-01-24T17:21:46","date_gmt":"2022-01-24T17:21:46","guid":{"rendered":"https:\/\/www.jadek-pensa.si\/?p=7603"},"modified":"2022-01-26T09:29:16","modified_gmt":"2022-01-26T09:29:16","slug":"the-patent-litigation-law-review-fifth-edition","status":"publish","type":"post","link":"https:\/\/jadek-pensa.si\/de\/the-patent-litigation-law-review-fifth-edition\/","title":{"rendered":"The Patent Litigation Law Review, 5. Auflage"},"content":{"rendered":"<p>Die Publikation stellt die Grundprinzipien der Gesetzgebung und Rechtsprechung im Bereich der Patente, insbesondere der Gerichtsverfahren bez\u00fcglich der Patentverletzung oder Patentnichtigkeit, in 18 L\u00e4ndern vor, darunter Deutschland, Frankreich, Schweiz und Gro\u00dfbritannien. Die Ver\u00f6ffentlichung enth\u00e4lt auch das Kapitel \u00fcber die Grundlagen von Einspr\u00fcchen und Beschwerden vor dem Europ\u00e4ischen Patentamt. 17 Rechtsanwaltskanzleien haben Kapitel zu der Ver\u00f6ffentlichung beigetragen.<\/p>\n<p>Die Partnerin <a href=\"http:\/\/www.jadek-pensa.si\/de\/experte\/aleksandra-jemc-merc\/\">Aleksandra Jemc Merc<\/a> und die Senior Counsel <a href=\"http:\/\/www.jadek-pensa.si\/de\/experte\/eva-gostisa\/\">Eva Gosti\u0161a<\/a> haben das Kapitel \u00fcber Slowenien mitverfasst.<\/p>\n<p>Das Kapitel \u00fcber Slowenien ist unter folgendem Link erh\u00e4ltlich:<\/p>\n<p><a href=\"https:\/\/thelawreviews.co.uk\/title\/the-patent-litigation-law-review\">https:\/\/thelawreviews.co.uk\/title\/the-patent-litigation-law-review<\/a><\/p>\n","protected":false},"excerpt":{"rendered":"<p>Die Rechtsanwaltskanzlei Jadek &#038; Pensa hat sich gefreut, wieder ein Kapitel \u00fcber Slowenien in The Patent Litigation Law Review, Edition 5, &#8230;<\/p>\n","protected":false},"author":6,"featured_media":0,"comment_status":"closed","ping_status":"closed","sticky":false,"template":"","format":"standard","meta":{"_acf_changed":false,"footnotes":""},"categories":[34],"tags":[85],"class_list":["post-7603","post","type-post","status-publish","format-standard","hentry","category-fachbeitraege","tag-geistiges-eigentum"],"acf":[],"yoast_head":"<!-- This site is optimized with the Yoast SEO plugin v27.4 - https:\/\/yoast.com\/product\/yoast-seo-wordpress\/ -->\n<title>The Patent Litigation Law Review, 5. Auflage - Jadek &amp; Pensa<\/title>\n<meta name=\"robots\" content=\"index, follow, max-snippet:-1, max-image-preview:large, max-video-preview:-1\" \/>\n<link rel=\"canonical\" href=\"https:\/\/jadek-pensa.si\/de\/the-patent-litigation-law-review-fifth-edition\/\" \/>\n<meta property=\"og:locale\" content=\"de_DE\" \/>\n<meta property=\"og:type\" content=\"article\" \/>\n<meta property=\"og:title\" content=\"The Patent Litigation Law Review, 5. Auflage - Jadek &amp; Pensa\" \/>\n<meta property=\"og:description\" content=\"Die Rechtsanwaltskanzlei Jadek &amp; Pensa hat sich gefreut, wieder ein Kapitel \u00fcber Slowenien in The Patent Litigation Law Review, Edition 5, ...\" \/>\n<meta property=\"og:url\" content=\"https:\/\/jadek-pensa.si\/de\/the-patent-litigation-law-review-fifth-edition\/\" \/>\n<meta property=\"og:site_name\" content=\"Jadek &amp; Pensa\" \/>\n<meta property=\"article:published_time\" content=\"2022-01-24T17:21:46+00:00\" \/>\n<meta property=\"article:modified_time\" content=\"2022-01-26T09:29:16+00:00\" \/>\n<meta property=\"og:image\" content=\"https:\/\/jadek-pensa.si\/wp-content\/uploads\/2024\/12\/social-image-scaled.jpg\" \/>\n\t<meta property=\"og:image:width\" content=\"2560\" \/>\n\t<meta property=\"og:image:height\" content=\"1440\" \/>\n\t<meta property=\"og:image:type\" content=\"image\/jpeg\" \/>\n<meta name=\"author\" content=\"Jerneja Domej\" \/>\n<meta name=\"twitter:card\" content=\"summary_large_image\" \/>\n<meta name=\"twitter:label1\" content=\"Verfasst von\" \/>\n\t<meta name=\"twitter:data1\" content=\"Jerneja Domej\" \/>\n\t<meta name=\"twitter:label2\" content=\"Gesch\u00e4tzte Lesezeit\" \/>\n\t<meta name=\"twitter:data2\" content=\"1\u00a0Minute\" \/>\n<script type=\"application\/ld+json\" class=\"yoast-schema-graph\">{\"@context\":\"https:\\\/\\\/schema.org\",\"@graph\":[{\"@type\":\"Article\",\"@id\":\"https:\\\/\\\/jadek-pensa.si\\\/de\\\/the-patent-litigation-law-review-fifth-edition\\\/#article\",\"isPartOf\":{\"@id\":\"https:\\\/\\\/jadek-pensa.si\\\/de\\\/the-patent-litigation-law-review-fifth-edition\\\/\"},\"author\":{\"name\":\"Jerneja Domej\",\"@id\":\"https:\\\/\\\/www.jadek-pensa.si\\\/de\\\/#\\\/schema\\\/person\\\/8a8f40dfae5e9085d6d3495ebff57924\"},\"headline\":\"The Patent Litigation Law Review, 5. Auflage\",\"datePublished\":\"2022-01-24T17:21:46+00:00\",\"dateModified\":\"2022-01-26T09:29:16+00:00\",\"mainEntityOfPage\":{\"@id\":\"https:\\\/\\\/jadek-pensa.si\\\/de\\\/the-patent-litigation-law-review-fifth-edition\\\/\"},\"wordCount\":102,\"keywords\":[\"Geistiges Eigentum\"],\"articleSection\":[\"Fachbeitr\u00e4ge\"],\"inLanguage\":\"de\"},{\"@type\":\"WebPage\",\"@id\":\"https:\\\/\\\/jadek-pensa.si\\\/de\\\/the-patent-litigation-law-review-fifth-edition\\\/\",\"url\":\"https:\\\/\\\/jadek-pensa.si\\\/de\\\/the-patent-litigation-law-review-fifth-edition\\\/\",\"name\":\"The Patent Litigation Law Review, 5. Auflage - Jadek &amp; Pensa\",\"isPartOf\":{\"@id\":\"https:\\\/\\\/www.jadek-pensa.si\\\/de\\\/#website\"},\"datePublished\":\"2022-01-24T17:21:46+00:00\",\"dateModified\":\"2022-01-26T09:29:16+00:00\",\"author\":{\"@id\":\"https:\\\/\\\/www.jadek-pensa.si\\\/de\\\/#\\\/schema\\\/person\\\/8a8f40dfae5e9085d6d3495ebff57924\"},\"breadcrumb\":{\"@id\":\"https:\\\/\\\/jadek-pensa.si\\\/de\\\/the-patent-litigation-law-review-fifth-edition\\\/#breadcrumb\"},\"inLanguage\":\"de\",\"potentialAction\":[{\"@type\":\"ReadAction\",\"target\":[\"https:\\\/\\\/jadek-pensa.si\\\/de\\\/the-patent-litigation-law-review-fifth-edition\\\/\"]}]},{\"@type\":\"BreadcrumbList\",\"@id\":\"https:\\\/\\\/jadek-pensa.si\\\/de\\\/the-patent-litigation-law-review-fifth-edition\\\/#breadcrumb\",\"itemListElement\":[{\"@type\":\"ListItem\",\"position\":1,\"name\":\"Home\",\"item\":\"https:\\\/\\\/www.jadek-pensa.si\\\/de\\\/\"},{\"@type\":\"ListItem\",\"position\":2,\"name\":\"The Patent Litigation Law Review, 5. Auflage\"}]},{\"@type\":\"WebSite\",\"@id\":\"https:\\\/\\\/www.jadek-pensa.si\\\/de\\\/#website\",\"url\":\"https:\\\/\\\/www.jadek-pensa.si\\\/de\\\/\",\"name\":\"Jadek &amp; Pensa\",\"description\":\"\",\"potentialAction\":[{\"@type\":\"SearchAction\",\"target\":{\"@type\":\"EntryPoint\",\"urlTemplate\":\"https:\\\/\\\/www.jadek-pensa.si\\\/de\\\/?s={search_term_string}\"},\"query-input\":{\"@type\":\"PropertyValueSpecification\",\"valueRequired\":true,\"valueName\":\"search_term_string\"}}],\"inLanguage\":\"de\"},{\"@type\":\"Person\",\"@id\":\"https:\\\/\\\/www.jadek-pensa.si\\\/de\\\/#\\\/schema\\\/person\\\/8a8f40dfae5e9085d6d3495ebff57924\",\"name\":\"Jerneja Domej\",\"image\":{\"@type\":\"ImageObject\",\"inLanguage\":\"de\",\"@id\":\"https:\\\/\\\/secure.gravatar.com\\\/avatar\\\/219302c3536a7a6e99ac65aa6aaa3c19d48be6cdc0e9b7cade08e8b2af212d4f?s=96&d=mm&r=g\",\"url\":\"https:\\\/\\\/secure.gravatar.com\\\/avatar\\\/219302c3536a7a6e99ac65aa6aaa3c19d48be6cdc0e9b7cade08e8b2af212d4f?s=96&d=mm&r=g\",\"contentUrl\":\"https:\\\/\\\/secure.gravatar.com\\\/avatar\\\/219302c3536a7a6e99ac65aa6aaa3c19d48be6cdc0e9b7cade08e8b2af212d4f?s=96&d=mm&r=g\",\"caption\":\"Jerneja Domej\"},\"sameAs\":[\"http:\\\/\\\/www.jadek-pensa.si\\\/\"]}]}<\/script>\n<!-- \/ Yoast SEO plugin. -->","yoast_head_json":{"title":"The Patent Litigation Law Review, 5. Auflage - Jadek &amp; Pensa","robots":{"index":"index","follow":"follow","max-snippet":"max-snippet:-1","max-image-preview":"max-image-preview:large","max-video-preview":"max-video-preview:-1"},"canonical":"https:\/\/jadek-pensa.si\/de\/the-patent-litigation-law-review-fifth-edition\/","og_locale":"de_DE","og_type":"article","og_title":"The Patent Litigation Law Review, 5. Auflage - Jadek &amp; Pensa","og_description":"Die Rechtsanwaltskanzlei Jadek & Pensa hat sich gefreut, wieder ein Kapitel \u00fcber Slowenien in The Patent Litigation Law Review, Edition 5, ...","og_url":"https:\/\/jadek-pensa.si\/de\/the-patent-litigation-law-review-fifth-edition\/","og_site_name":"Jadek &amp; Pensa","article_published_time":"2022-01-24T17:21:46+00:00","article_modified_time":"2022-01-26T09:29:16+00:00","og_image":[{"width":2560,"height":1440,"url":"https:\/\/jadek-pensa.si\/wp-content\/uploads\/2024\/12\/social-image-scaled.jpg","type":"image\/jpeg"}],"author":"Jerneja Domej","twitter_card":"summary_large_image","twitter_misc":{"Verfasst von":"Jerneja Domej","Gesch\u00e4tzte Lesezeit":"1\u00a0Minute"},"schema":{"@context":"https:\/\/schema.org","@graph":[{"@type":"Article","@id":"https:\/\/jadek-pensa.si\/de\/the-patent-litigation-law-review-fifth-edition\/#article","isPartOf":{"@id":"https:\/\/jadek-pensa.si\/de\/the-patent-litigation-law-review-fifth-edition\/"},"author":{"name":"Jerneja Domej","@id":"https:\/\/www.jadek-pensa.si\/de\/#\/schema\/person\/8a8f40dfae5e9085d6d3495ebff57924"},"headline":"The Patent Litigation Law Review, 5. Auflage","datePublished":"2022-01-24T17:21:46+00:00","dateModified":"2022-01-26T09:29:16+00:00","mainEntityOfPage":{"@id":"https:\/\/jadek-pensa.si\/de\/the-patent-litigation-law-review-fifth-edition\/"},"wordCount":102,"keywords":["Geistiges Eigentum"],"articleSection":["Fachbeitr\u00e4ge"],"inLanguage":"de"},{"@type":"WebPage","@id":"https:\/\/jadek-pensa.si\/de\/the-patent-litigation-law-review-fifth-edition\/","url":"https:\/\/jadek-pensa.si\/de\/the-patent-litigation-law-review-fifth-edition\/","name":"The Patent Litigation Law Review, 5. Auflage - Jadek &amp; Pensa","isPartOf":{"@id":"https:\/\/www.jadek-pensa.si\/de\/#website"},"datePublished":"2022-01-24T17:21:46+00:00","dateModified":"2022-01-26T09:29:16+00:00","author":{"@id":"https:\/\/www.jadek-pensa.si\/de\/#\/schema\/person\/8a8f40dfae5e9085d6d3495ebff57924"},"breadcrumb":{"@id":"https:\/\/jadek-pensa.si\/de\/the-patent-litigation-law-review-fifth-edition\/#breadcrumb"},"inLanguage":"de","potentialAction":[{"@type":"ReadAction","target":["https:\/\/jadek-pensa.si\/de\/the-patent-litigation-law-review-fifth-edition\/"]}]},{"@type":"BreadcrumbList","@id":"https:\/\/jadek-pensa.si\/de\/the-patent-litigation-law-review-fifth-edition\/#breadcrumb","itemListElement":[{"@type":"ListItem","position":1,"name":"Home","item":"https:\/\/www.jadek-pensa.si\/de\/"},{"@type":"ListItem","position":2,"name":"The Patent Litigation Law Review, 5. Auflage"}]},{"@type":"WebSite","@id":"https:\/\/www.jadek-pensa.si\/de\/#website","url":"https:\/\/www.jadek-pensa.si\/de\/","name":"Jadek &amp; Pensa","description":"","potentialAction":[{"@type":"SearchAction","target":{"@type":"EntryPoint","urlTemplate":"https:\/\/www.jadek-pensa.si\/de\/?s={search_term_string}"},"query-input":{"@type":"PropertyValueSpecification","valueRequired":true,"valueName":"search_term_string"}}],"inLanguage":"de"},{"@type":"Person","@id":"https:\/\/www.jadek-pensa.si\/de\/#\/schema\/person\/8a8f40dfae5e9085d6d3495ebff57924","name":"Jerneja Domej","image":{"@type":"ImageObject","inLanguage":"de","@id":"https:\/\/secure.gravatar.com\/avatar\/219302c3536a7a6e99ac65aa6aaa3c19d48be6cdc0e9b7cade08e8b2af212d4f?s=96&d=mm&r=g","url":"https:\/\/secure.gravatar.com\/avatar\/219302c3536a7a6e99ac65aa6aaa3c19d48be6cdc0e9b7cade08e8b2af212d4f?s=96&d=mm&r=g","contentUrl":"https:\/\/secure.gravatar.com\/avatar\/219302c3536a7a6e99ac65aa6aaa3c19d48be6cdc0e9b7cade08e8b2af212d4f?s=96&d=mm&r=g","caption":"Jerneja Domej"},"sameAs":["http:\/\/www.jadek-pensa.si\/"]}]}},"_links":{"self":[{"href":"https:\/\/jadek-pensa.si\/de\/wp-json\/wp\/v2\/posts\/7603","targetHints":{"allow":["GET"]}}],"collection":[{"href":"https:\/\/jadek-pensa.si\/de\/wp-json\/wp\/v2\/posts"}],"about":[{"href":"https:\/\/jadek-pensa.si\/de\/wp-json\/wp\/v2\/types\/post"}],"author":[{"embeddable":true,"href":"https:\/\/jadek-pensa.si\/de\/wp-json\/wp\/v2\/users\/6"}],"replies":[{"embeddable":true,"href":"https:\/\/jadek-pensa.si\/de\/wp-json\/wp\/v2\/comments?post=7603"}],"version-history":[{"count":0,"href":"https:\/\/jadek-pensa.si\/de\/wp-json\/wp\/v2\/posts\/7603\/revisions"}],"wp:attachment":[{"href":"https:\/\/jadek-pensa.si\/de\/wp-json\/wp\/v2\/media?parent=7603"}],"wp:term":[{"taxonomy":"category","embeddable":true,"href":"https:\/\/jadek-pensa.si\/de\/wp-json\/wp\/v2\/categories?post=7603"},{"taxonomy":"post_tag","embeddable":true,"href":"https:\/\/jadek-pensa.si\/de\/wp-json\/wp\/v2\/tags?post=7603"}],"curies":[{"name":"wp","href":"https:\/\/api.w.org\/{rel}","templated":true}]}}