{"id":6783,"date":"2021-01-06T08:33:21","date_gmt":"2021-01-06T08:33:21","guid":{"rendered":"http:\/\/jadek-pensa.git.gigodesign.com\/?p=6783"},"modified":"2021-01-07T08:00:49","modified_gmt":"2021-01-07T08:00:49","slug":"befoerderungen-2","status":"publish","type":"post","link":"https:\/\/jadek-pensa.si\/de\/befoerderungen-2\/","title":{"rendered":"Bef\u00f6rderungen"},"content":{"rendered":"<p><a href=\"\/?p=2066\">Iris Pensa<\/a> leitet die Arbeitsrechtsabteilung bei Jadek &amp; Pensa und ist au\u00dferdem auf Verfassungsrecht und Menschenrechte spezialisiert. Sie ist nicht nur eine erfahrene Prozessanw\u00e4ltin und Beraterin von lokalen und internationalen Mandanten, sondern ist auch als Mediatorin t\u00e4tig. Bei Jadek &amp; Pensa ist sie f\u00fcr die Einhaltung der zehn Grunds\u00e4tze des UN Global Compact aus den Bereichen Menschenrechte, Arbeitsnormen, Umwelt und Transparenz sowie Korruptionsbek\u00e4mpfung verantwortlich, die sie bei allen Dienstleistungen und der Beratungen von Mandanten ber\u00fccksichtigt. Iris ist auch der Hauptansprechpartner f\u00fcr alle m\u00f6glichen Angelegenheiten, die das B\u00fcro je nach den Umst\u00e4nden des Einzelfalls auf einer Pro-Bono-Basis annehmen w\u00fcrde.<\/p>\n<p><a href=\"\/?p=2074\">Borut Leskovec <\/a>ist ein Rechtsanwalt mit langj\u00e4hriger Erfahrung und einer langen Liste von Referenzen auf dem Gebiet der Beilegung von Wirtschaftsrechtsstreitigkeiten, mit besonderem Schwerpunkt auf Gesellschafterstreitigkeiten sowie Streitigkeiten bez\u00fcglich Fusionen, \u00dcbernahmen und Squeeze-Outs. Au\u00dferdem leitet er bei der Anwaltskanzlei Jadek &amp; Pensa auch die Abteilung im Bereich Vergaberecht und ist ein anerkannter slowenischer Experte auf dem Gebiet des Vergaberechts und vergaberechtsbezogener Streitigkeiten. Er konzentriert sich insbesondere auf die au\u00dfergerichtliche Beilegung von Streitigkeiten durch Verhandlungen und auf die Suche nach zukunftsorientierten L\u00f6sungen.<\/p>\n<p><a href=\"\/?p=2078\">Domen Romih<\/a> ist ein renommierter Steuerexperte, der bei Jadek &amp; Pensa die Steuerberatung leitet. Er ist der Anwaltskanzlei Jadek &amp; Pensa vor vier Jahren beigetreten und hat in dieser Zeit eine erfolgreiche und anerkannte Abteilung der Steuerberatung, Planung und Vertretung von Mandanten in Steuerverfahren aufgebaut. Domen ber\u00e4t insbesondere in den Bereichen Transaktionssteuern, K\u00f6rperschaftsteuer und Einkommensteuer. Er ist der \u00d6ffentlichkeit als regelm\u00e4\u00dfiger Autor von Artikeln im Bereich des Steuerrechts in der Zeitung Finance bekannt und wird regelm\u00e4\u00dfig als Redner zu Veranstaltungen mit Schwerpunkt auf slowenischen Steuerangelegenheiten eingeladen.<\/p>\n<p><a href=\"\/?p=2084\">Nastja Merlak<\/a> ist Rechtsanw\u00e4ltin in der Transaktionsabteilung bei Jadek &amp; Pensa. Sie ist erfahren im M&amp;A- und Finanzrecht, mit besonderem Fokus auf die Organisation von rechtlichen Due-Diligence-Prozessen, ausl\u00e4ndischen Direktinvestitionen und Finanzregulierung. Nastja kam als Rechtsreferendarin zu Jadek &amp; Pensa und kehrte nach einem LL.M.-Studium an der renommierten LSE in London sowie nach dem slowenischen Staatsexamen als Rechtsanwaltsanw\u00e4rterin zu Jadek &amp; Pensa zur\u00fcck und wurde sp\u00e4ter Rechtsanw\u00e4ltin. Der Aufstieg zur Senior Rechtsanw\u00e4ltin ist eine Anerkennung f\u00fcr die Qualit\u00e4t ihrer Arbeit, ihr Engagement und zeigt einen guten Weg nach vorne im B\u00fcro von Jadek &amp; Pensa.<\/p>\n","protected":false},"excerpt":{"rendered":"<p>Wir freuen uns, Ihnen mitteilen zu k\u00f6nnen, dass unsere Kollegen Iris Pensa, Borut Leskovec und Domen Romih mit Wirkung vom 1. Januar 2021 z&#8230;<\/p>\n","protected":false},"author":6,"featured_media":0,"comment_status":"closed","ping_status":"closed","sticky":false,"template":"","format":"standard","meta":{"_acf_changed":false,"footnotes":""},"categories":[60],"tags":[61],"class_list":["post-6783","post","type-post","status-publish","format-standard","hentry","category-nachrichten","tag-nachrichten"],"acf":[],"yoast_head":"<!-- This site is optimized with the Yoast SEO plugin v27.4 - https:\/\/yoast.com\/product\/yoast-seo-wordpress\/ -->\n<title>Bef\u00f6rderungen - Jadek &amp; Pensa<\/title>\n<meta name=\"robots\" content=\"index, follow, max-snippet:-1, max-image-preview:large, max-video-preview:-1\" \/>\n<link rel=\"canonical\" href=\"https:\/\/jadek-pensa.si\/de\/befoerderungen-2\/\" \/>\n<meta property=\"og:locale\" content=\"de_DE\" \/>\n<meta property=\"og:type\" content=\"article\" \/>\n<meta property=\"og:title\" content=\"Bef\u00f6rderungen - Jadek &amp; Pensa\" \/>\n<meta property=\"og:description\" content=\"Wir freuen uns, Ihnen mitteilen zu k\u00f6nnen, dass unsere Kollegen Iris Pensa, Borut Leskovec und Domen Romih mit Wirkung vom 1. Januar 2021 z...\" \/>\n<meta property=\"og:url\" content=\"https:\/\/jadek-pensa.si\/de\/befoerderungen-2\/\" \/>\n<meta property=\"og:site_name\" content=\"Jadek &amp; Pensa\" \/>\n<meta property=\"article:published_time\" content=\"2021-01-06T08:33:21+00:00\" \/>\n<meta property=\"article:modified_time\" content=\"2021-01-07T08:00:49+00:00\" \/>\n<meta property=\"og:image\" content=\"https:\/\/jadek-pensa.si\/wp-content\/uploads\/2024\/12\/social-image-scaled.jpg\" \/>\n\t<meta property=\"og:image:width\" content=\"2560\" \/>\n\t<meta property=\"og:image:height\" content=\"1440\" \/>\n\t<meta property=\"og:image:type\" content=\"image\/jpeg\" \/>\n<meta name=\"author\" content=\"Jerneja Domej\" \/>\n<meta name=\"twitter:card\" content=\"summary_large_image\" \/>\n<meta name=\"twitter:label1\" content=\"Verfasst von\" \/>\n\t<meta name=\"twitter:data1\" content=\"Jerneja Domej\" \/>\n\t<meta name=\"twitter:label2\" content=\"Gesch\u00e4tzte Lesezeit\" \/>\n\t<meta name=\"twitter:data2\" content=\"2\u00a0Minuten\" \/>\n<script type=\"application\/ld+json\" class=\"yoast-schema-graph\">{\"@context\":\"https:\\\/\\\/schema.org\",\"@graph\":[{\"@type\":\"Article\",\"@id\":\"https:\\\/\\\/jadek-pensa.si\\\/de\\\/befoerderungen-2\\\/#article\",\"isPartOf\":{\"@id\":\"https:\\\/\\\/jadek-pensa.si\\\/de\\\/befoerderungen-2\\\/\"},\"author\":{\"name\":\"Jerneja Domej\",\"@id\":\"https:\\\/\\\/www.jadek-pensa.si\\\/de\\\/#\\\/schema\\\/person\\\/8a8f40dfae5e9085d6d3495ebff57924\"},\"headline\":\"Bef\u00f6rderungen\",\"datePublished\":\"2021-01-06T08:33:21+00:00\",\"dateModified\":\"2021-01-07T08:00:49+00:00\",\"mainEntityOfPage\":{\"@id\":\"https:\\\/\\\/jadek-pensa.si\\\/de\\\/befoerderungen-2\\\/\"},\"wordCount\":396,\"keywords\":[\"Nachrichten\"],\"articleSection\":[\"Nachrichten\"],\"inLanguage\":\"de\"},{\"@type\":\"WebPage\",\"@id\":\"https:\\\/\\\/jadek-pensa.si\\\/de\\\/befoerderungen-2\\\/\",\"url\":\"https:\\\/\\\/jadek-pensa.si\\\/de\\\/befoerderungen-2\\\/\",\"name\":\"Bef\u00f6rderungen - Jadek &amp; Pensa\",\"isPartOf\":{\"@id\":\"https:\\\/\\\/www.jadek-pensa.si\\\/de\\\/#website\"},\"datePublished\":\"2021-01-06T08:33:21+00:00\",\"dateModified\":\"2021-01-07T08:00:49+00:00\",\"author\":{\"@id\":\"https:\\\/\\\/www.jadek-pensa.si\\\/de\\\/#\\\/schema\\\/person\\\/8a8f40dfae5e9085d6d3495ebff57924\"},\"breadcrumb\":{\"@id\":\"https:\\\/\\\/jadek-pensa.si\\\/de\\\/befoerderungen-2\\\/#breadcrumb\"},\"inLanguage\":\"de\",\"potentialAction\":[{\"@type\":\"ReadAction\",\"target\":[\"https:\\\/\\\/jadek-pensa.si\\\/de\\\/befoerderungen-2\\\/\"]}]},{\"@type\":\"BreadcrumbList\",\"@id\":\"https:\\\/\\\/jadek-pensa.si\\\/de\\\/befoerderungen-2\\\/#breadcrumb\",\"itemListElement\":[{\"@type\":\"ListItem\",\"position\":1,\"name\":\"Home\",\"item\":\"https:\\\/\\\/www.jadek-pensa.si\\\/de\\\/\"},{\"@type\":\"ListItem\",\"position\":2,\"name\":\"Bef\u00f6rderungen\"}]},{\"@type\":\"WebSite\",\"@id\":\"https:\\\/\\\/www.jadek-pensa.si\\\/de\\\/#website\",\"url\":\"https:\\\/\\\/www.jadek-pensa.si\\\/de\\\/\",\"name\":\"Jadek &amp; Pensa\",\"description\":\"\",\"potentialAction\":[{\"@type\":\"SearchAction\",\"target\":{\"@type\":\"EntryPoint\",\"urlTemplate\":\"https:\\\/\\\/www.jadek-pensa.si\\\/de\\\/?s={search_term_string}\"},\"query-input\":{\"@type\":\"PropertyValueSpecification\",\"valueRequired\":true,\"valueName\":\"search_term_string\"}}],\"inLanguage\":\"de\"},{\"@type\":\"Person\",\"@id\":\"https:\\\/\\\/www.jadek-pensa.si\\\/de\\\/#\\\/schema\\\/person\\\/8a8f40dfae5e9085d6d3495ebff57924\",\"name\":\"Jerneja Domej\",\"image\":{\"@type\":\"ImageObject\",\"inLanguage\":\"de\",\"@id\":\"https:\\\/\\\/secure.gravatar.com\\\/avatar\\\/219302c3536a7a6e99ac65aa6aaa3c19d48be6cdc0e9b7cade08e8b2af212d4f?s=96&d=mm&r=g\",\"url\":\"https:\\\/\\\/secure.gravatar.com\\\/avatar\\\/219302c3536a7a6e99ac65aa6aaa3c19d48be6cdc0e9b7cade08e8b2af212d4f?s=96&d=mm&r=g\",\"contentUrl\":\"https:\\\/\\\/secure.gravatar.com\\\/avatar\\\/219302c3536a7a6e99ac65aa6aaa3c19d48be6cdc0e9b7cade08e8b2af212d4f?s=96&d=mm&r=g\",\"caption\":\"Jerneja Domej\"},\"sameAs\":[\"http:\\\/\\\/www.jadek-pensa.si\\\/\"]}]}<\/script>\n<!-- \/ Yoast SEO plugin. -->","yoast_head_json":{"title":"Bef\u00f6rderungen - Jadek &amp; Pensa","robots":{"index":"index","follow":"follow","max-snippet":"max-snippet:-1","max-image-preview":"max-image-preview:large","max-video-preview":"max-video-preview:-1"},"canonical":"https:\/\/jadek-pensa.si\/de\/befoerderungen-2\/","og_locale":"de_DE","og_type":"article","og_title":"Bef\u00f6rderungen - Jadek &amp; Pensa","og_description":"Wir freuen uns, Ihnen mitteilen zu k\u00f6nnen, dass unsere Kollegen Iris Pensa, Borut Leskovec und Domen Romih mit Wirkung vom 1. Januar 2021 z...","og_url":"https:\/\/jadek-pensa.si\/de\/befoerderungen-2\/","og_site_name":"Jadek &amp; Pensa","article_published_time":"2021-01-06T08:33:21+00:00","article_modified_time":"2021-01-07T08:00:49+00:00","og_image":[{"width":2560,"height":1440,"url":"https:\/\/jadek-pensa.si\/wp-content\/uploads\/2024\/12\/social-image-scaled.jpg","type":"image\/jpeg"}],"author":"Jerneja Domej","twitter_card":"summary_large_image","twitter_misc":{"Verfasst von":"Jerneja Domej","Gesch\u00e4tzte Lesezeit":"2\u00a0Minuten"},"schema":{"@context":"https:\/\/schema.org","@graph":[{"@type":"Article","@id":"https:\/\/jadek-pensa.si\/de\/befoerderungen-2\/#article","isPartOf":{"@id":"https:\/\/jadek-pensa.si\/de\/befoerderungen-2\/"},"author":{"name":"Jerneja Domej","@id":"https:\/\/www.jadek-pensa.si\/de\/#\/schema\/person\/8a8f40dfae5e9085d6d3495ebff57924"},"headline":"Bef\u00f6rderungen","datePublished":"2021-01-06T08:33:21+00:00","dateModified":"2021-01-07T08:00:49+00:00","mainEntityOfPage":{"@id":"https:\/\/jadek-pensa.si\/de\/befoerderungen-2\/"},"wordCount":396,"keywords":["Nachrichten"],"articleSection":["Nachrichten"],"inLanguage":"de"},{"@type":"WebPage","@id":"https:\/\/jadek-pensa.si\/de\/befoerderungen-2\/","url":"https:\/\/jadek-pensa.si\/de\/befoerderungen-2\/","name":"Bef\u00f6rderungen - Jadek &amp; Pensa","isPartOf":{"@id":"https:\/\/www.jadek-pensa.si\/de\/#website"},"datePublished":"2021-01-06T08:33:21+00:00","dateModified":"2021-01-07T08:00:49+00:00","author":{"@id":"https:\/\/www.jadek-pensa.si\/de\/#\/schema\/person\/8a8f40dfae5e9085d6d3495ebff57924"},"breadcrumb":{"@id":"https:\/\/jadek-pensa.si\/de\/befoerderungen-2\/#breadcrumb"},"inLanguage":"de","potentialAction":[{"@type":"ReadAction","target":["https:\/\/jadek-pensa.si\/de\/befoerderungen-2\/"]}]},{"@type":"BreadcrumbList","@id":"https:\/\/jadek-pensa.si\/de\/befoerderungen-2\/#breadcrumb","itemListElement":[{"@type":"ListItem","position":1,"name":"Home","item":"https:\/\/www.jadek-pensa.si\/de\/"},{"@type":"ListItem","position":2,"name":"Bef\u00f6rderungen"}]},{"@type":"WebSite","@id":"https:\/\/www.jadek-pensa.si\/de\/#website","url":"https:\/\/www.jadek-pensa.si\/de\/","name":"Jadek &amp; Pensa","description":"","potentialAction":[{"@type":"SearchAction","target":{"@type":"EntryPoint","urlTemplate":"https:\/\/www.jadek-pensa.si\/de\/?s={search_term_string}"},"query-input":{"@type":"PropertyValueSpecification","valueRequired":true,"valueName":"search_term_string"}}],"inLanguage":"de"},{"@type":"Person","@id":"https:\/\/www.jadek-pensa.si\/de\/#\/schema\/person\/8a8f40dfae5e9085d6d3495ebff57924","name":"Jerneja Domej","image":{"@type":"ImageObject","inLanguage":"de","@id":"https:\/\/secure.gravatar.com\/avatar\/219302c3536a7a6e99ac65aa6aaa3c19d48be6cdc0e9b7cade08e8b2af212d4f?s=96&d=mm&r=g","url":"https:\/\/secure.gravatar.com\/avatar\/219302c3536a7a6e99ac65aa6aaa3c19d48be6cdc0e9b7cade08e8b2af212d4f?s=96&d=mm&r=g","contentUrl":"https:\/\/secure.gravatar.com\/avatar\/219302c3536a7a6e99ac65aa6aaa3c19d48be6cdc0e9b7cade08e8b2af212d4f?s=96&d=mm&r=g","caption":"Jerneja Domej"},"sameAs":["http:\/\/www.jadek-pensa.si\/"]}]}},"_links":{"self":[{"href":"https:\/\/jadek-pensa.si\/de\/wp-json\/wp\/v2\/posts\/6783","targetHints":{"allow":["GET"]}}],"collection":[{"href":"https:\/\/jadek-pensa.si\/de\/wp-json\/wp\/v2\/posts"}],"about":[{"href":"https:\/\/jadek-pensa.si\/de\/wp-json\/wp\/v2\/types\/post"}],"author":[{"embeddable":true,"href":"https:\/\/jadek-pensa.si\/de\/wp-json\/wp\/v2\/users\/6"}],"replies":[{"embeddable":true,"href":"https:\/\/jadek-pensa.si\/de\/wp-json\/wp\/v2\/comments?post=6783"}],"version-history":[{"count":0,"href":"https:\/\/jadek-pensa.si\/de\/wp-json\/wp\/v2\/posts\/6783\/revisions"}],"wp:attachment":[{"href":"https:\/\/jadek-pensa.si\/de\/wp-json\/wp\/v2\/media?parent=6783"}],"wp:term":[{"taxonomy":"category","embeddable":true,"href":"https:\/\/jadek-pensa.si\/de\/wp-json\/wp\/v2\/categories?post=6783"},{"taxonomy":"post_tag","embeddable":true,"href":"https:\/\/jadek-pensa.si\/de\/wp-json\/wp\/v2\/tags?post=6783"}],"curies":[{"name":"wp","href":"https:\/\/api.w.org\/{rel}","templated":true}]}}