{"id":3564,"date":"2018-11-07T09:15:21","date_gmt":"2018-11-07T09:15:21","guid":{"rendered":"http:\/\/www.jadek-pensa.si\/?p=3564"},"modified":"2018-11-07T13:52:59","modified_gmt":"2018-11-07T13:52:59","slug":"jps-active-participation-in-corporate-governance-conference-2018","status":"publish","type":"post","link":"http:\/\/jadek-pensa.si\/en\/jps-active-participation-in-corporate-governance-conference-2018\/","title":{"rendered":"J&#038;P\u2019s active participation in Corporate Governance Conference 2018"},"content":{"rendered":"<p>At the Corporate Governance Conference 2018, we will talk about the impact of new technologies (blockchain) on CG. At EU level, there have been many initiatives for digitalisation also in the field of CG. The European Commission has founded a group, which examines digital solutions for communication between shareholders and members of management and supervisory bodies. European Confederation of Directors\u2019 Associations (<a href=\"http:\/\/www.ecoda.org\/\">ecoDa<\/a>) has positioned blockchain technology among the topics that will largely influence CG. This is demonstrated by academic articles as well as by practical solutions, which are already being tested in some countries.<\/p>\n<p>SDA Working group for Blockchain and Corporate Governance has already identified the fields where the use of blockchain could enable a significant increase in the effectiveness of corporate governance, thereby affecting the competitiveness of the Slovenian economy. With the implementation of the European directive as regards the encouragement of long-term shareholder engagement into national law, Slovenia has a unique opportunity to become the leader in this field among the EU Member States. The directive deals, among others, with shareholder identification, provision of information to them and facilitation of the exercise of their rights.<\/p>\n<p>At the conference, attorney-at-law Alja\u017e Jadek will present the functioning and the key characteristics of the blockchain technology, and will point out the major obstacles to the implementation of this new technology. In the following part, he will try to think about the applicability of this technology in overcoming some of the inefficiencies of corporate governance and about the development prospects of using this technology in individual segments of corporate governance.<\/p>\n<p>Find out more about the Corporate Governance Conference 2018 at:<\/p>\n<p><a href=\"http:\/\/www.zdruzenje-ns.si\/konferenca-korporativnega-upravljanja\">http:\/\/www.zdruzenje-ns.si\/konferenca-korporativnega-upravljanja<\/a><\/p>\n","protected":false},"excerpt":{"rendered":"<p>As a member of SDA Working group for the Impact of New Technologies on Corporate Governance, attorney-at-law Alja\u017e Jadek will be one of the&#8230;<\/p>\n","protected":false},"author":5,"featured_media":0,"comment_status":"closed","ping_status":"closed","sticky":false,"template":"","format":"standard","meta":{"_acf_changed":false,"footnotes":""},"categories":[40],"tags":[52],"class_list":["post-3564","post","type-post","status-publish","format-standard","hentry","category-news","tag-news"],"acf":[],"yoast_head":"<!-- This site is optimized with the Yoast SEO plugin v27.4 - https:\/\/yoast.com\/product\/yoast-seo-wordpress\/ -->\n<title>J&amp;P\u2019s active participation in Corporate Governance Conference 2018 - Jadek &amp; Pensa<\/title>\n<meta name=\"robots\" content=\"index, follow, max-snippet:-1, max-image-preview:large, max-video-preview:-1\" \/>\n<link rel=\"canonical\" href=\"http:\/\/jadek-pensa.si\/en\/jps-active-participation-in-corporate-governance-conference-2018\/\" \/>\n<meta property=\"og:locale\" content=\"en_US\" \/>\n<meta property=\"og:type\" content=\"article\" \/>\n<meta property=\"og:title\" content=\"J&amp;P\u2019s active participation in Corporate Governance Conference 2018 - Jadek &amp; Pensa\" \/>\n<meta property=\"og:description\" content=\"As a member of SDA Working group for the Impact of New Technologies on Corporate Governance, attorney-at-law Alja\u017e Jadek will be one of the...\" \/>\n<meta property=\"og:url\" content=\"http:\/\/jadek-pensa.si\/en\/jps-active-participation-in-corporate-governance-conference-2018\/\" \/>\n<meta property=\"og:site_name\" content=\"Jadek &amp; Pensa\" \/>\n<meta property=\"article:published_time\" content=\"2018-11-07T09:15:21+00:00\" \/>\n<meta property=\"article:modified_time\" content=\"2018-11-07T13:52:59+00:00\" \/>\n<meta property=\"og:image\" content=\"http:\/\/jadek-pensa.si\/wp-content\/uploads\/2024\/12\/social-image-scaled.jpg\" \/>\n\t<meta property=\"og:image:width\" content=\"2560\" \/>\n\t<meta property=\"og:image:height\" content=\"1440\" \/>\n\t<meta property=\"og:image:type\" content=\"image\/jpeg\" \/>\n<meta name=\"author\" content=\"Maru\u0161a Lenar\u010di\u010d\" \/>\n<meta name=\"twitter:card\" content=\"summary_large_image\" \/>\n<meta name=\"twitter:label1\" content=\"Written by\" \/>\n\t<meta name=\"twitter:data1\" content=\"Maru\u0161a Lenar\u010di\u010d\" \/>\n\t<meta name=\"twitter:label2\" content=\"Est. reading time\" \/>\n\t<meta name=\"twitter:data2\" content=\"1 minute\" \/>\n<script type=\"application\/ld+json\" class=\"yoast-schema-graph\">{\"@context\":\"https:\\\/\\\/schema.org\",\"@graph\":[{\"@type\":\"Article\",\"@id\":\"http:\\\/\\\/jadek-pensa.si\\\/en\\\/jps-active-participation-in-corporate-governance-conference-2018\\\/#article\",\"isPartOf\":{\"@id\":\"http:\\\/\\\/jadek-pensa.si\\\/en\\\/jps-active-participation-in-corporate-governance-conference-2018\\\/\"},\"author\":{\"name\":\"Maru\u0161a Lenar\u010di\u010d\",\"@id\":\"https:\\\/\\\/www.jadek-pensa.si\\\/en\\\/#\\\/schema\\\/person\\\/1dc82fb4840bf0a47c9a1b4b953b77dc\"},\"headline\":\"J&#038;P\u2019s active participation in Corporate Governance Conference 2018\",\"datePublished\":\"2018-11-07T09:15:21+00:00\",\"dateModified\":\"2018-11-07T13:52:59+00:00\",\"mainEntityOfPage\":{\"@id\":\"http:\\\/\\\/jadek-pensa.si\\\/en\\\/jps-active-participation-in-corporate-governance-conference-2018\\\/\"},\"wordCount\":280,\"keywords\":[\"News\"],\"articleSection\":[\"News\"],\"inLanguage\":\"en-US\"},{\"@type\":\"WebPage\",\"@id\":\"http:\\\/\\\/jadek-pensa.si\\\/en\\\/jps-active-participation-in-corporate-governance-conference-2018\\\/\",\"url\":\"http:\\\/\\\/jadek-pensa.si\\\/en\\\/jps-active-participation-in-corporate-governance-conference-2018\\\/\",\"name\":\"J&P\u2019s active participation in Corporate Governance Conference 2018 - Jadek &amp; Pensa\",\"isPartOf\":{\"@id\":\"https:\\\/\\\/www.jadek-pensa.si\\\/en\\\/#website\"},\"datePublished\":\"2018-11-07T09:15:21+00:00\",\"dateModified\":\"2018-11-07T13:52:59+00:00\",\"author\":{\"@id\":\"https:\\\/\\\/www.jadek-pensa.si\\\/en\\\/#\\\/schema\\\/person\\\/1dc82fb4840bf0a47c9a1b4b953b77dc\"},\"breadcrumb\":{\"@id\":\"http:\\\/\\\/jadek-pensa.si\\\/en\\\/jps-active-participation-in-corporate-governance-conference-2018\\\/#breadcrumb\"},\"inLanguage\":\"en-US\",\"potentialAction\":[{\"@type\":\"ReadAction\",\"target\":[\"http:\\\/\\\/jadek-pensa.si\\\/en\\\/jps-active-participation-in-corporate-governance-conference-2018\\\/\"]}]},{\"@type\":\"BreadcrumbList\",\"@id\":\"http:\\\/\\\/jadek-pensa.si\\\/en\\\/jps-active-participation-in-corporate-governance-conference-2018\\\/#breadcrumb\",\"itemListElement\":[{\"@type\":\"ListItem\",\"position\":1,\"name\":\"Home\",\"item\":\"https:\\\/\\\/www.jadek-pensa.si\\\/en\\\/\"},{\"@type\":\"ListItem\",\"position\":2,\"name\":\"J&#038;P\u2019s active participation in Corporate Governance Conference 2018\"}]},{\"@type\":\"WebSite\",\"@id\":\"https:\\\/\\\/www.jadek-pensa.si\\\/en\\\/#website\",\"url\":\"https:\\\/\\\/www.jadek-pensa.si\\\/en\\\/\",\"name\":\"Jadek &amp; Pensa\",\"description\":\"\",\"potentialAction\":[{\"@type\":\"SearchAction\",\"target\":{\"@type\":\"EntryPoint\",\"urlTemplate\":\"https:\\\/\\\/www.jadek-pensa.si\\\/en\\\/?s={search_term_string}\"},\"query-input\":{\"@type\":\"PropertyValueSpecification\",\"valueRequired\":true,\"valueName\":\"search_term_string\"}}],\"inLanguage\":\"en-US\"},{\"@type\":\"Person\",\"@id\":\"https:\\\/\\\/www.jadek-pensa.si\\\/en\\\/#\\\/schema\\\/person\\\/1dc82fb4840bf0a47c9a1b4b953b77dc\",\"name\":\"Maru\u0161a Lenar\u010di\u010d\",\"image\":{\"@type\":\"ImageObject\",\"inLanguage\":\"en-US\",\"@id\":\"https:\\\/\\\/secure.gravatar.com\\\/avatar\\\/c6c847d3f5eae2601ecf0a717fc52c11c512efd67344dd7f9eb15f8be375d371?s=96&d=mm&r=g\",\"url\":\"https:\\\/\\\/secure.gravatar.com\\\/avatar\\\/c6c847d3f5eae2601ecf0a717fc52c11c512efd67344dd7f9eb15f8be375d371?s=96&d=mm&r=g\",\"contentUrl\":\"https:\\\/\\\/secure.gravatar.com\\\/avatar\\\/c6c847d3f5eae2601ecf0a717fc52c11c512efd67344dd7f9eb15f8be375d371?s=96&d=mm&r=g\",\"caption\":\"Maru\u0161a Lenar\u010di\u010d\"},\"sameAs\":[\"http:\\\/\\\/www.jadek-pensa.si\\\/\"]}]}<\/script>\n<!-- \/ Yoast SEO plugin. -->","yoast_head_json":{"title":"J&P\u2019s active participation in Corporate Governance Conference 2018 - Jadek &amp; Pensa","robots":{"index":"index","follow":"follow","max-snippet":"max-snippet:-1","max-image-preview":"max-image-preview:large","max-video-preview":"max-video-preview:-1"},"canonical":"http:\/\/jadek-pensa.si\/en\/jps-active-participation-in-corporate-governance-conference-2018\/","og_locale":"en_US","og_type":"article","og_title":"J&P\u2019s active participation in Corporate Governance Conference 2018 - Jadek &amp; Pensa","og_description":"As a member of SDA Working group for the Impact of New Technologies on Corporate Governance, attorney-at-law Alja\u017e Jadek will be one of the...","og_url":"http:\/\/jadek-pensa.si\/en\/jps-active-participation-in-corporate-governance-conference-2018\/","og_site_name":"Jadek &amp; Pensa","article_published_time":"2018-11-07T09:15:21+00:00","article_modified_time":"2018-11-07T13:52:59+00:00","og_image":[{"width":2560,"height":1440,"url":"http:\/\/jadek-pensa.si\/wp-content\/uploads\/2024\/12\/social-image-scaled.jpg","type":"image\/jpeg"}],"author":"Maru\u0161a Lenar\u010di\u010d","twitter_card":"summary_large_image","twitter_misc":{"Written by":"Maru\u0161a Lenar\u010di\u010d","Est. reading time":"1 minute"},"schema":{"@context":"https:\/\/schema.org","@graph":[{"@type":"Article","@id":"http:\/\/jadek-pensa.si\/en\/jps-active-participation-in-corporate-governance-conference-2018\/#article","isPartOf":{"@id":"http:\/\/jadek-pensa.si\/en\/jps-active-participation-in-corporate-governance-conference-2018\/"},"author":{"name":"Maru\u0161a Lenar\u010di\u010d","@id":"https:\/\/www.jadek-pensa.si\/en\/#\/schema\/person\/1dc82fb4840bf0a47c9a1b4b953b77dc"},"headline":"J&#038;P\u2019s active participation in Corporate Governance Conference 2018","datePublished":"2018-11-07T09:15:21+00:00","dateModified":"2018-11-07T13:52:59+00:00","mainEntityOfPage":{"@id":"http:\/\/jadek-pensa.si\/en\/jps-active-participation-in-corporate-governance-conference-2018\/"},"wordCount":280,"keywords":["News"],"articleSection":["News"],"inLanguage":"en-US"},{"@type":"WebPage","@id":"http:\/\/jadek-pensa.si\/en\/jps-active-participation-in-corporate-governance-conference-2018\/","url":"http:\/\/jadek-pensa.si\/en\/jps-active-participation-in-corporate-governance-conference-2018\/","name":"J&P\u2019s active participation in Corporate Governance Conference 2018 - Jadek &amp; Pensa","isPartOf":{"@id":"https:\/\/www.jadek-pensa.si\/en\/#website"},"datePublished":"2018-11-07T09:15:21+00:00","dateModified":"2018-11-07T13:52:59+00:00","author":{"@id":"https:\/\/www.jadek-pensa.si\/en\/#\/schema\/person\/1dc82fb4840bf0a47c9a1b4b953b77dc"},"breadcrumb":{"@id":"http:\/\/jadek-pensa.si\/en\/jps-active-participation-in-corporate-governance-conference-2018\/#breadcrumb"},"inLanguage":"en-US","potentialAction":[{"@type":"ReadAction","target":["http:\/\/jadek-pensa.si\/en\/jps-active-participation-in-corporate-governance-conference-2018\/"]}]},{"@type":"BreadcrumbList","@id":"http:\/\/jadek-pensa.si\/en\/jps-active-participation-in-corporate-governance-conference-2018\/#breadcrumb","itemListElement":[{"@type":"ListItem","position":1,"name":"Home","item":"https:\/\/www.jadek-pensa.si\/en\/"},{"@type":"ListItem","position":2,"name":"J&#038;P\u2019s active participation in Corporate Governance Conference 2018"}]},{"@type":"WebSite","@id":"https:\/\/www.jadek-pensa.si\/en\/#website","url":"https:\/\/www.jadek-pensa.si\/en\/","name":"Jadek &amp; Pensa","description":"","potentialAction":[{"@type":"SearchAction","target":{"@type":"EntryPoint","urlTemplate":"https:\/\/www.jadek-pensa.si\/en\/?s={search_term_string}"},"query-input":{"@type":"PropertyValueSpecification","valueRequired":true,"valueName":"search_term_string"}}],"inLanguage":"en-US"},{"@type":"Person","@id":"https:\/\/www.jadek-pensa.si\/en\/#\/schema\/person\/1dc82fb4840bf0a47c9a1b4b953b77dc","name":"Maru\u0161a Lenar\u010di\u010d","image":{"@type":"ImageObject","inLanguage":"en-US","@id":"https:\/\/secure.gravatar.com\/avatar\/c6c847d3f5eae2601ecf0a717fc52c11c512efd67344dd7f9eb15f8be375d371?s=96&d=mm&r=g","url":"https:\/\/secure.gravatar.com\/avatar\/c6c847d3f5eae2601ecf0a717fc52c11c512efd67344dd7f9eb15f8be375d371?s=96&d=mm&r=g","contentUrl":"https:\/\/secure.gravatar.com\/avatar\/c6c847d3f5eae2601ecf0a717fc52c11c512efd67344dd7f9eb15f8be375d371?s=96&d=mm&r=g","caption":"Maru\u0161a Lenar\u010di\u010d"},"sameAs":["http:\/\/www.jadek-pensa.si\/"]}]}},"_links":{"self":[{"href":"http:\/\/jadek-pensa.si\/en\/wp-json\/wp\/v2\/posts\/3564","targetHints":{"allow":["GET"]}}],"collection":[{"href":"http:\/\/jadek-pensa.si\/en\/wp-json\/wp\/v2\/posts"}],"about":[{"href":"http:\/\/jadek-pensa.si\/en\/wp-json\/wp\/v2\/types\/post"}],"author":[{"embeddable":true,"href":"http:\/\/jadek-pensa.si\/en\/wp-json\/wp\/v2\/users\/5"}],"replies":[{"embeddable":true,"href":"http:\/\/jadek-pensa.si\/en\/wp-json\/wp\/v2\/comments?post=3564"}],"version-history":[{"count":0,"href":"http:\/\/jadek-pensa.si\/en\/wp-json\/wp\/v2\/posts\/3564\/revisions"}],"wp:attachment":[{"href":"http:\/\/jadek-pensa.si\/en\/wp-json\/wp\/v2\/media?parent=3564"}],"wp:term":[{"taxonomy":"category","embeddable":true,"href":"http:\/\/jadek-pensa.si\/en\/wp-json\/wp\/v2\/categories?post=3564"},{"taxonomy":"post_tag","embeddable":true,"href":"http:\/\/jadek-pensa.si\/en\/wp-json\/wp\/v2\/tags?post=3564"}],"curies":[{"name":"wp","href":"https:\/\/api.w.org\/{rel}","templated":true}]}}