{"id":2441,"date":"2008-11-02T09:03:46","date_gmt":"2008-11-02T09:03:46","guid":{"rendered":"http:\/\/jadek-pensa.si\/?p=2441"},"modified":"2018-06-07T09:25:46","modified_gmt":"2018-06-07T09:25:46","slug":"konferenz-anreize-fuer-das-unternehmensmanagement-emi-enterprise-management-incentives","status":"publish","type":"post","link":"http:\/\/jadek-pensa.si\/de\/konferenz-anreize-fuer-das-unternehmensmanagement-emi-enterprise-management-incentives\/","title":{"rendered":"Konferenz: Anreize f\u00fcr das  Unternehmensmanagement &#8211; EMI Enterprise Management Incentives"},"content":{"rendered":"<p>In der Welt der globalen Konkurrenz zeigt sich trotz der technologischen Entwicklung, dass der Bedarf nach gutem Leitungspersonal in den letzten Jahren h\u00f6her ist als je zuvor. Es scheint, dass ein hohes Gehalt oder ein guter Wagen nicht mehr als Anreiz zur Loyalit\u00e4t von Top-Managern und Erzielung von guten Gesch\u00e4ftsergebnissen gen\u00fcgen. In letzter Zeit haben sich wegen der Krise des Finanzsystems und der gesamten Wirtschaft Zweifel daran verst\u00e4rkt, ob diese wachsende Freigiebigkeit bei der Pr\u00e4miierung von Managern \u00fcberhaupt berechtigt ist. Es ist mehr als wahrscheinlich, dass diese Krise eine Umgestaltung sowohl von Anreizen f\u00fcr Manager als auch des rechtlichen Umfelds, in dem diese zugewiesen werden, nach sich ziehen wird wird.<\/p>\n<p>Ist es nicht gerade an der Zeit, die bisher \u00fcbliche Praxis der Pr\u00e4miierung von Managern zu \u00fcberdenken sowie die Rechtssysteme und die Verwaltung und F\u00fchrung von K\u00f6rperschaften zu analysieren?<\/p>\n<p>Programm:<br \/>\n<strong>12.00 &#8211; 13.30 Einf\u00fchrung<\/strong><\/p>\n<p>Praktischer und rechtlicher Blick auf Ziele, Formen und Methoden der Pr\u00e4miierung von Vorst\u00e4nden in Slowenien, in den USA sowie in den EU-L\u00e4ndern, mit Nachdruck auf den L\u00e4ndern des West- und Mitteleuropas. Aufsicht und Verhandlungen mit dem Vorstand.<br \/>\nLeitung: Sre\u010do Jadek, Jadek &amp; Pensa, Seniorpartner<br \/>\nSprecher:<br \/>\nBorut Jamnik, Vorsitzender des Verbandes der Aufsichtsratsmitglieder<br \/>\nOlli V. Virtanen, European Confederation of Directors\u2019 Association (ecoDa), Member of the Board<br \/>\nSami Toutounji, Shearman &amp; Sterling, Paris, Partner<br \/>\nJason Mogg, Linklaters Prag (seit dem 1. November 2008 Kinstellar), Partner<\/p>\n<p><strong>13.30 &#8211; 14.45 Rechts- und Steuerumfeld f\u00fcr die Pr\u00e4miierung von Vorst\u00e4nden in Slowenien und einigen L\u00e4ndern des ehemaligen Jugoslawiens <\/strong><br \/>\nLeitung: Bo\u0161tjan \u0160pec, Jadek &amp; Pensa, Partner<br \/>\nSprecher:<br \/>\nBo\u0161tjan \u0160pec, Jadek &amp; Pensa, Partner<br \/>\nJasna Car Kranjc, Jadek &amp; Pensa, Partnerin<br \/>\nBoris Andreja\u0161, Babi\u0107 &amp; Partners, Zagreb<br \/>\nJelena Edelman, Prica &amp; Partners, Belgrad<br \/>\nSonja Zlatanovska, \u010cuki\u0107 &amp; Markov, Skopje<br \/>\nBistra Bogojevska, \u010cuki\u0107 &amp; Markov, Skopje<\/p>\n<p><strong>14.45 &#8211; 15.30 Pause und Bewirtung<\/strong><\/p>\n<p><strong>15.30 &#8211; 17.00 Pr\u00e4miierung von Vorst\u00e4nden in der Praxis \u2013 Podiumsdiskussion<\/strong><br \/>\nDie Diskussion wird geleitet von Sre\u010do Jadek und Pavle Pensa, Jadek &amp; Pensa, Seniorpartner<br \/>\nMitwirkende:<br \/>\nMarko Dra\u017eumeri\u010d, Lek d.d. (Gruppe Sandoz, Novartis), Direktor der Treasury-Abteilung<br \/>\nMatja\u017e Gantar, KD, finan\u010dna dru\u017eba, d.d., Vorstandsvorsitzender<br \/>\nBranko Pavlin, Dnevnik d.d., Vorstandsvorsitzender<br \/>\nVesna Stankovi\u010d, Hermes SoftLab d.d., Direktorin der Rechtsabteilung<br \/>\nStanislav Valant, NFD d.o.o., Vorstandsvorsitzender<br \/>\nBrian Wardrop, Arx Equity Partners (Investmentgesellschaft &#8211; Privatkapital), Managing Partner<\/p>\n<p>Die Konferenz findet am Mittwoch, dem 19. November 2008, statt, Beginn um 12.00 Uhr in Wei\u00dfen Saal des Grand Hotels Union in Ljubljana. Eingeladen sind Klienten der Anwaltskanzlei Jadek &amp; Pensa und G\u00e4ste.<\/p>\n<p>Auskunft: lojzka.zerovnik@jadek-pensa.si<\/p>\n","protected":false},"excerpt":{"rendered":"<p>Die Anwaltskanzlei Jadek &#038; Pensa veranstaltet anl\u00e4\u00dflich ihres 50-j\u00e4hrigen Jubil\u00e4ums eine  Konferenz  zum Thema Anreize f\u00fcr das Unternehmens&#8230;<\/p>\n","protected":false},"author":8,"featured_media":0,"comment_status":"closed","ping_status":"closed","sticky":false,"template":"","format":"standard","meta":{"_acf_changed":false,"footnotes":""},"categories":[60],"tags":[61],"class_list":["post-2441","post","type-post","status-publish","format-standard","hentry","category-nachrichten","tag-nachrichten"],"acf":[],"yoast_head":"<!-- This site is optimized with the Yoast SEO plugin v27.4 - https:\/\/yoast.com\/product\/yoast-seo-wordpress\/ -->\n<title>Konferenz: Anreize f\u00fcr das Unternehmensmanagement - EMI Enterprise Management Incentives - Jadek &amp; Pensa<\/title>\n<meta name=\"robots\" content=\"index, follow, max-snippet:-1, max-image-preview:large, max-video-preview:-1\" \/>\n<link rel=\"canonical\" href=\"http:\/\/jadek-pensa.si\/de\/konferenz-anreize-fuer-das-unternehmensmanagement-emi-enterprise-management-incentives\/\" \/>\n<meta property=\"og:locale\" content=\"de_DE\" \/>\n<meta property=\"og:type\" content=\"article\" \/>\n<meta property=\"og:title\" content=\"Konferenz: Anreize f\u00fcr das Unternehmensmanagement - EMI Enterprise Management Incentives - Jadek &amp; Pensa\" \/>\n<meta property=\"og:description\" content=\"Die Anwaltskanzlei Jadek &amp; Pensa veranstaltet anl\u00e4\u00dflich ihres 50-j\u00e4hrigen Jubil\u00e4ums eine Konferenz zum Thema Anreize f\u00fcr das Unternehmens...\" \/>\n<meta property=\"og:url\" content=\"http:\/\/jadek-pensa.si\/de\/konferenz-anreize-fuer-das-unternehmensmanagement-emi-enterprise-management-incentives\/\" \/>\n<meta property=\"og:site_name\" content=\"Jadek &amp; Pensa\" \/>\n<meta property=\"article:published_time\" content=\"2008-11-02T09:03:46+00:00\" \/>\n<meta property=\"article:modified_time\" content=\"2018-06-07T09:25:46+00:00\" \/>\n<meta property=\"og:image\" content=\"http:\/\/jadek-pensa.si\/wp-content\/uploads\/2024\/12\/social-image-scaled.jpg\" \/>\n\t<meta property=\"og:image:width\" content=\"2560\" \/>\n\t<meta property=\"og:image:height\" content=\"1440\" \/>\n\t<meta property=\"og:image:type\" content=\"image\/jpeg\" \/>\n<meta name=\"author\" content=\"humanfrog\" \/>\n<meta name=\"twitter:card\" content=\"summary_large_image\" \/>\n<meta name=\"twitter:label1\" content=\"Verfasst von\" \/>\n\t<meta name=\"twitter:data1\" content=\"humanfrog\" \/>\n\t<meta name=\"twitter:label2\" content=\"Gesch\u00e4tzte Lesezeit\" \/>\n\t<meta name=\"twitter:data2\" content=\"2\u00a0Minuten\" \/>\n<script type=\"application\/ld+json\" class=\"yoast-schema-graph\">{\"@context\":\"https:\\\/\\\/schema.org\",\"@graph\":[{\"@type\":\"Article\",\"@id\":\"http:\\\/\\\/jadek-pensa.si\\\/de\\\/konferenz-anreize-fuer-das-unternehmensmanagement-emi-enterprise-management-incentives\\\/#article\",\"isPartOf\":{\"@id\":\"http:\\\/\\\/jadek-pensa.si\\\/de\\\/konferenz-anreize-fuer-das-unternehmensmanagement-emi-enterprise-management-incentives\\\/\"},\"author\":{\"name\":\"humanfrog\",\"@id\":\"https:\\\/\\\/www.jadek-pensa.si\\\/de\\\/#\\\/schema\\\/person\\\/0e5294c4ec0f02ccd8fa506c3bdec5fb\"},\"headline\":\"Konferenz: Anreize f\u00fcr das Unternehmensmanagement &#8211; EMI Enterprise Management Incentives\",\"datePublished\":\"2008-11-02T09:03:46+00:00\",\"dateModified\":\"2018-06-07T09:25:46+00:00\",\"mainEntityOfPage\":{\"@id\":\"http:\\\/\\\/jadek-pensa.si\\\/de\\\/konferenz-anreize-fuer-das-unternehmensmanagement-emi-enterprise-management-incentives\\\/\"},\"wordCount\":439,\"keywords\":[\"Nachrichten\"],\"articleSection\":[\"Nachrichten\"],\"inLanguage\":\"de\"},{\"@type\":\"WebPage\",\"@id\":\"http:\\\/\\\/jadek-pensa.si\\\/de\\\/konferenz-anreize-fuer-das-unternehmensmanagement-emi-enterprise-management-incentives\\\/\",\"url\":\"http:\\\/\\\/jadek-pensa.si\\\/de\\\/konferenz-anreize-fuer-das-unternehmensmanagement-emi-enterprise-management-incentives\\\/\",\"name\":\"Konferenz: Anreize f\u00fcr das Unternehmensmanagement - EMI Enterprise Management Incentives - Jadek &amp; Pensa\",\"isPartOf\":{\"@id\":\"https:\\\/\\\/www.jadek-pensa.si\\\/de\\\/#website\"},\"datePublished\":\"2008-11-02T09:03:46+00:00\",\"dateModified\":\"2018-06-07T09:25:46+00:00\",\"author\":{\"@id\":\"https:\\\/\\\/www.jadek-pensa.si\\\/de\\\/#\\\/schema\\\/person\\\/0e5294c4ec0f02ccd8fa506c3bdec5fb\"},\"breadcrumb\":{\"@id\":\"http:\\\/\\\/jadek-pensa.si\\\/de\\\/konferenz-anreize-fuer-das-unternehmensmanagement-emi-enterprise-management-incentives\\\/#breadcrumb\"},\"inLanguage\":\"de\",\"potentialAction\":[{\"@type\":\"ReadAction\",\"target\":[\"http:\\\/\\\/jadek-pensa.si\\\/de\\\/konferenz-anreize-fuer-das-unternehmensmanagement-emi-enterprise-management-incentives\\\/\"]}]},{\"@type\":\"BreadcrumbList\",\"@id\":\"http:\\\/\\\/jadek-pensa.si\\\/de\\\/konferenz-anreize-fuer-das-unternehmensmanagement-emi-enterprise-management-incentives\\\/#breadcrumb\",\"itemListElement\":[{\"@type\":\"ListItem\",\"position\":1,\"name\":\"Home\",\"item\":\"https:\\\/\\\/www.jadek-pensa.si\\\/de\\\/\"},{\"@type\":\"ListItem\",\"position\":2,\"name\":\"Konferenz: Anreize f\u00fcr das Unternehmensmanagement &#8211; EMI Enterprise Management Incentives\"}]},{\"@type\":\"WebSite\",\"@id\":\"https:\\\/\\\/www.jadek-pensa.si\\\/de\\\/#website\",\"url\":\"https:\\\/\\\/www.jadek-pensa.si\\\/de\\\/\",\"name\":\"Jadek &amp; Pensa\",\"description\":\"\",\"potentialAction\":[{\"@type\":\"SearchAction\",\"target\":{\"@type\":\"EntryPoint\",\"urlTemplate\":\"https:\\\/\\\/www.jadek-pensa.si\\\/de\\\/?s={search_term_string}\"},\"query-input\":{\"@type\":\"PropertyValueSpecification\",\"valueRequired\":true,\"valueName\":\"search_term_string\"}}],\"inLanguage\":\"de\"},{\"@type\":\"Person\",\"@id\":\"https:\\\/\\\/www.jadek-pensa.si\\\/de\\\/#\\\/schema\\\/person\\\/0e5294c4ec0f02ccd8fa506c3bdec5fb\",\"name\":\"humanfrog\",\"image\":{\"@type\":\"ImageObject\",\"inLanguage\":\"de\",\"@id\":\"https:\\\/\\\/secure.gravatar.com\\\/avatar\\\/767edaac2e440251f7a8b37cdb1143f0256c8985ef2082d48e648de208efdbfa?s=96&d=mm&r=g\",\"url\":\"https:\\\/\\\/secure.gravatar.com\\\/avatar\\\/767edaac2e440251f7a8b37cdb1143f0256c8985ef2082d48e648de208efdbfa?s=96&d=mm&r=g\",\"contentUrl\":\"https:\\\/\\\/secure.gravatar.com\\\/avatar\\\/767edaac2e440251f7a8b37cdb1143f0256c8985ef2082d48e648de208efdbfa?s=96&d=mm&r=g\",\"caption\":\"humanfrog\"}}]}<\/script>\n<!-- \/ Yoast SEO plugin. -->","yoast_head_json":{"title":"Konferenz: Anreize f\u00fcr das Unternehmensmanagement - EMI Enterprise Management Incentives - Jadek &amp; Pensa","robots":{"index":"index","follow":"follow","max-snippet":"max-snippet:-1","max-image-preview":"max-image-preview:large","max-video-preview":"max-video-preview:-1"},"canonical":"http:\/\/jadek-pensa.si\/de\/konferenz-anreize-fuer-das-unternehmensmanagement-emi-enterprise-management-incentives\/","og_locale":"de_DE","og_type":"article","og_title":"Konferenz: Anreize f\u00fcr das Unternehmensmanagement - EMI Enterprise Management Incentives - Jadek &amp; Pensa","og_description":"Die Anwaltskanzlei Jadek & Pensa veranstaltet anl\u00e4\u00dflich ihres 50-j\u00e4hrigen Jubil\u00e4ums eine Konferenz zum Thema Anreize f\u00fcr das Unternehmens...","og_url":"http:\/\/jadek-pensa.si\/de\/konferenz-anreize-fuer-das-unternehmensmanagement-emi-enterprise-management-incentives\/","og_site_name":"Jadek &amp; Pensa","article_published_time":"2008-11-02T09:03:46+00:00","article_modified_time":"2018-06-07T09:25:46+00:00","og_image":[{"width":2560,"height":1440,"url":"http:\/\/jadek-pensa.si\/wp-content\/uploads\/2024\/12\/social-image-scaled.jpg","type":"image\/jpeg"}],"author":"humanfrog","twitter_card":"summary_large_image","twitter_misc":{"Verfasst von":"humanfrog","Gesch\u00e4tzte Lesezeit":"2\u00a0Minuten"},"schema":{"@context":"https:\/\/schema.org","@graph":[{"@type":"Article","@id":"http:\/\/jadek-pensa.si\/de\/konferenz-anreize-fuer-das-unternehmensmanagement-emi-enterprise-management-incentives\/#article","isPartOf":{"@id":"http:\/\/jadek-pensa.si\/de\/konferenz-anreize-fuer-das-unternehmensmanagement-emi-enterprise-management-incentives\/"},"author":{"name":"humanfrog","@id":"https:\/\/www.jadek-pensa.si\/de\/#\/schema\/person\/0e5294c4ec0f02ccd8fa506c3bdec5fb"},"headline":"Konferenz: Anreize f\u00fcr das Unternehmensmanagement &#8211; EMI Enterprise Management Incentives","datePublished":"2008-11-02T09:03:46+00:00","dateModified":"2018-06-07T09:25:46+00:00","mainEntityOfPage":{"@id":"http:\/\/jadek-pensa.si\/de\/konferenz-anreize-fuer-das-unternehmensmanagement-emi-enterprise-management-incentives\/"},"wordCount":439,"keywords":["Nachrichten"],"articleSection":["Nachrichten"],"inLanguage":"de"},{"@type":"WebPage","@id":"http:\/\/jadek-pensa.si\/de\/konferenz-anreize-fuer-das-unternehmensmanagement-emi-enterprise-management-incentives\/","url":"http:\/\/jadek-pensa.si\/de\/konferenz-anreize-fuer-das-unternehmensmanagement-emi-enterprise-management-incentives\/","name":"Konferenz: Anreize f\u00fcr das Unternehmensmanagement - EMI Enterprise Management Incentives - Jadek &amp; Pensa","isPartOf":{"@id":"https:\/\/www.jadek-pensa.si\/de\/#website"},"datePublished":"2008-11-02T09:03:46+00:00","dateModified":"2018-06-07T09:25:46+00:00","author":{"@id":"https:\/\/www.jadek-pensa.si\/de\/#\/schema\/person\/0e5294c4ec0f02ccd8fa506c3bdec5fb"},"breadcrumb":{"@id":"http:\/\/jadek-pensa.si\/de\/konferenz-anreize-fuer-das-unternehmensmanagement-emi-enterprise-management-incentives\/#breadcrumb"},"inLanguage":"de","potentialAction":[{"@type":"ReadAction","target":["http:\/\/jadek-pensa.si\/de\/konferenz-anreize-fuer-das-unternehmensmanagement-emi-enterprise-management-incentives\/"]}]},{"@type":"BreadcrumbList","@id":"http:\/\/jadek-pensa.si\/de\/konferenz-anreize-fuer-das-unternehmensmanagement-emi-enterprise-management-incentives\/#breadcrumb","itemListElement":[{"@type":"ListItem","position":1,"name":"Home","item":"https:\/\/www.jadek-pensa.si\/de\/"},{"@type":"ListItem","position":2,"name":"Konferenz: Anreize f\u00fcr das Unternehmensmanagement &#8211; EMI Enterprise Management Incentives"}]},{"@type":"WebSite","@id":"https:\/\/www.jadek-pensa.si\/de\/#website","url":"https:\/\/www.jadek-pensa.si\/de\/","name":"Jadek &amp; Pensa","description":"","potentialAction":[{"@type":"SearchAction","target":{"@type":"EntryPoint","urlTemplate":"https:\/\/www.jadek-pensa.si\/de\/?s={search_term_string}"},"query-input":{"@type":"PropertyValueSpecification","valueRequired":true,"valueName":"search_term_string"}}],"inLanguage":"de"},{"@type":"Person","@id":"https:\/\/www.jadek-pensa.si\/de\/#\/schema\/person\/0e5294c4ec0f02ccd8fa506c3bdec5fb","name":"humanfrog","image":{"@type":"ImageObject","inLanguage":"de","@id":"https:\/\/secure.gravatar.com\/avatar\/767edaac2e440251f7a8b37cdb1143f0256c8985ef2082d48e648de208efdbfa?s=96&d=mm&r=g","url":"https:\/\/secure.gravatar.com\/avatar\/767edaac2e440251f7a8b37cdb1143f0256c8985ef2082d48e648de208efdbfa?s=96&d=mm&r=g","contentUrl":"https:\/\/secure.gravatar.com\/avatar\/767edaac2e440251f7a8b37cdb1143f0256c8985ef2082d48e648de208efdbfa?s=96&d=mm&r=g","caption":"humanfrog"}}]}},"_links":{"self":[{"href":"http:\/\/jadek-pensa.si\/de\/wp-json\/wp\/v2\/posts\/2441","targetHints":{"allow":["GET"]}}],"collection":[{"href":"http:\/\/jadek-pensa.si\/de\/wp-json\/wp\/v2\/posts"}],"about":[{"href":"http:\/\/jadek-pensa.si\/de\/wp-json\/wp\/v2\/types\/post"}],"author":[{"embeddable":true,"href":"http:\/\/jadek-pensa.si\/de\/wp-json\/wp\/v2\/users\/8"}],"replies":[{"embeddable":true,"href":"http:\/\/jadek-pensa.si\/de\/wp-json\/wp\/v2\/comments?post=2441"}],"version-history":[{"count":0,"href":"http:\/\/jadek-pensa.si\/de\/wp-json\/wp\/v2\/posts\/2441\/revisions"}],"wp:attachment":[{"href":"http:\/\/jadek-pensa.si\/de\/wp-json\/wp\/v2\/media?parent=2441"}],"wp:term":[{"taxonomy":"category","embeddable":true,"href":"http:\/\/jadek-pensa.si\/de\/wp-json\/wp\/v2\/categories?post=2441"},{"taxonomy":"post_tag","embeddable":true,"href":"http:\/\/jadek-pensa.si\/de\/wp-json\/wp\/v2\/tags?post=2441"}],"curies":[{"name":"wp","href":"https:\/\/api.w.org\/{rel}","templated":true}]}}